
{"id":2962,"date":"2019-05-16T12:09:10","date_gmt":"2019-05-16T12:09:10","guid":{"rendered":"http:\/\/www.05studio.cz\/?p=2962"},"modified":"2020-01-07T15:55:36","modified_gmt":"2020-01-07T15:55:36","slug":"epos-257-dymova-hora","status":"publish","type":"post","link":"https:\/\/www.05studio.cz\/?p=2962","title":{"rendered":"Epos 257: D\u00fdmov\u00e1 hora"},"content":{"rendered":"<p>Muzeum hlavn\u00edho m\u011bsta Prahy, kur\u00e1tor Tom\u00e1\u0161 Pospiszyl, architektonick\u00e9 \u0159e\u0161en\u00ed 0,5 studio, grafika Martin Groch, fotografie Jan Vrabec, 2019<\/p>\n<p><a href=\"https:\/\/www.05studio.cz\/wp-content\/uploads\/2019\/05\/60472032_2230750136973028_509264039042351104_o.jpg\"><img loading=\"lazy\" decoding=\"async\" class=\"alignnone size-thumbnail wp-image-2970\" src=\"https:\/\/www.05studio.cz\/wp-content\/uploads\/2019\/05\/60472032_2230750136973028_509264039042351104_o-150x150.jpg\" alt=\"Muzeum hlavn\u00edho m\u011bsta Prahy, kur\u00e1tor Tom\u00e1\u0161 Pospiszyl, architektonick\u00e9 \u0159e\u0161en\u00ed 0,5 studio, grafika Martin Groch, fotografie Jan Vrabec\" width=\"150\" height=\"150\" \/><\/a> <a href=\"https:\/\/www.05studio.cz\/wp-content\/uploads\/2019\/05\/60341268_2230750116973030_7721020046109048832_o.jpg\"><img loading=\"lazy\" decoding=\"async\" class=\"alignnone size-thumbnail wp-image-2967\" src=\"https:\/\/www.05studio.cz\/wp-content\/uploads\/2019\/05\/60341268_2230750116973030_7721020046109048832_o-150x150.jpg\" alt=\"Muzeum hlavn\u00edho m\u011bsta Prahy, kur\u00e1tor Tom\u00e1\u0161 Pospiszyl, architektonick\u00e9 \u0159e\u0161en\u00ed 0,5 studio, grafika Martin Groch, fotografie Jan Vrabec\" width=\"150\" height=\"150\" \/><\/a> <a href=\"https:\/\/www.05studio.cz\/wp-content\/uploads\/2019\/05\/60215763_2230749873639721_6882632955231993856_o.jpg\"><img loading=\"lazy\" decoding=\"async\" class=\"alignnone size-thumbnail wp-image-2966\" src=\"https:\/\/www.05studio.cz\/wp-content\/uploads\/2019\/05\/60215763_2230749873639721_6882632955231993856_o-150x150.jpg\" alt=\"Muzeum hlavn\u00edho m\u011bsta Prahy, kur\u00e1tor Tom\u00e1\u0161 Pospiszyl, architektonick\u00e9 \u0159e\u0161en\u00ed 0,5 studio, grafika Martin Groch, fotografie Jan Vrabec\" width=\"150\" height=\"150\" \/><\/a><\/p>\n<p><a href=\"https:\/\/www.05studio.cz\/wp-content\/uploads\/2019\/05\/60343506_2230749783639730_3600662970490683392_o.jpg\"><img loading=\"lazy\" decoding=\"async\" class=\"alignnone size-thumbnail wp-image-2968\" src=\"https:\/\/www.05studio.cz\/wp-content\/uploads\/2019\/05\/60343506_2230749783639730_3600662970490683392_o-150x150.jpg\" alt=\"Muzeum hlavn\u00edho m\u011bsta Prahy, kur\u00e1tor Tom\u00e1\u0161 Pospiszyl, architektonick\u00e9 \u0159e\u0161en\u00ed 0,5 studio, grafika Martin Groch, fotografie Jan Vrabec\" width=\"150\" height=\"150\" \/><\/a> <a href=\"https:\/\/www.05studio.cz\/wp-content\/uploads\/2019\/05\/59995188_2230749980306377_4644780304811163648_o.jpg\"><img loading=\"lazy\" decoding=\"async\" class=\"alignnone size-thumbnail wp-image-2965\" src=\"https:\/\/www.05studio.cz\/wp-content\/uploads\/2019\/05\/59995188_2230749980306377_4644780304811163648_o-150x150.jpg\" alt=\"Muzeum hlavn\u00edho m\u011bsta Prahy, kur\u00e1tor Tom\u00e1\u0161 Pospiszyl, architektonick\u00e9 \u0159e\u0161en\u00ed 0,5 studio, grafika Martin Groch, fotografie Jan Vrabec\" width=\"150\" height=\"150\" \/><\/a> <a href=\"https:\/\/www.05studio.cz\/wp-content\/uploads\/2019\/05\/59973733_2230750080306367_4082643388698984448_o.jpg\"><img loading=\"lazy\" decoding=\"async\" class=\"alignnone size-thumbnail wp-image-2964\" src=\"https:\/\/www.05studio.cz\/wp-content\/uploads\/2019\/05\/59973733_2230750080306367_4082643388698984448_o-150x150.jpg\" alt=\"Muzeum hlavn\u00edho m\u011bsta Prahy, kur\u00e1tor Tom\u00e1\u0161 Pospiszyl, architektonick\u00e9 \u0159e\u0161en\u00ed 0,5 studio, grafika Martin Groch, fotografie Jan Vrabec\" width=\"150\" height=\"150\" \/><\/a><\/p>\n","protected":false},"excerpt":{"rendered":"<p> [&hellip;]<\/p>\n","protected":false},"author":1,"featured_media":2967,"comment_status":"open","ping_status":"open","sticky":false,"template":"","format":"standard","meta":{"pgc_sgb_lightbox_settings":"","footnotes":""},"categories":[1],"tags":[],"_links":{"self":[{"href":"https:\/\/www.05studio.cz\/index.php?rest_route=\/wp\/v2\/posts\/2962"}],"collection":[{"href":"https:\/\/www.05studio.cz\/index.php?rest_route=\/wp\/v2\/posts"}],"about":[{"href":"https:\/\/www.05studio.cz\/index.php?rest_route=\/wp\/v2\/types\/post"}],"author":[{"embeddable":true,"href":"https:\/\/www.05studio.cz\/index.php?rest_route=\/wp\/v2\/users\/1"}],"replies":[{"embeddable":true,"href":"https:\/\/www.05studio.cz\/index.php?rest_route=%2Fwp%2Fv2%2Fcomments&post=2962"}],"version-history":[{"count":11,"href":"https:\/\/www.05studio.cz\/index.php?rest_route=\/wp\/v2\/posts\/2962\/revisions"}],"predecessor-version":[{"id":3218,"href":"https:\/\/www.05studio.cz\/index.php?rest_route=\/wp\/v2\/posts\/2962\/revisions\/3218"}],"wp:featuredmedia":[{"embeddable":true,"href":"https:\/\/www.05studio.cz\/index.php?rest_route=\/wp\/v2\/media\/2967"}],"wp:attachment":[{"href":"https:\/\/www.05studio.cz\/index.php?rest_route=%2Fwp%2Fv2%2Fmedia&parent=2962"}],"wp:term":[{"taxonomy":"category","embeddable":true,"href":"https:\/\/www.05studio.cz\/index.php?rest_route=%2Fwp%2Fv2%2Fcategories&post=2962"},{"taxonomy":"post_tag","embeddable":true,"href":"https:\/\/www.05studio.cz\/index.php?rest_route=%2Fwp%2Fv2%2Ftags&post=2962"}],"curies":[{"name":"wp","href":"https:\/\/api.w.org\/{rel}","templated":true}]}}